{"id":1786,"date":"2020-04-15T05:35:43","date_gmt":"2020-04-15T05:35:43","guid":{"rendered":"http:\/\/biesiadaliteracka.pl\/?p=1786"},"modified":"2020-04-15T05:35:44","modified_gmt":"2020-04-15T05:35:44","slug":"zostan-w-domu-2","status":"publish","type":"post","link":"http:\/\/biesiadaliteracka.pl\/?p=1786","title":{"rendered":"Zosta\u0144 w domu 2"},"content":{"rendered":"\n<p>W zwi\u0105zku z decyzj\u0105 sztabu kryzysowego o zamkni\u0119ciu plac\u00f3wek edukacyjnych, a tak\u017ce instytucji kultury, Oddzia\u0142 Warszawski Stowarzyszenia Pisarzy Polskich odwo\u0142uje\u00a0<strong>WSZYSTKIE<\/strong>\u00a0wydarzenia zaplanowane w Domu Literatury\u00a0<strong>do<\/strong>\u00a0co najmniej\u00a0<strong>15 maja<\/strong>\u00a0<strong>2020<\/strong>. Je\u015bli nast\u0105pi jaka\u015b zmiana \u2013 zostanie to uwzgl\u0119dnione w kolejnym komunikacie. \u00a0<br>Jednocze\u015bnie informujemy, \u017ce sekretariat OW SPP a\u017c do odwo\u0142ania, czyli co najmniej do 15 maja 2020, b\u0119dzie pracowa\u0142 zdalnie. Oznacza to, \u017ce kontakt z nami jest mo\u017cliwy jedynie przez adres e-mail\u00a0<a rel=\"noreferrer noopener\" href=\"mailto:biuro@sppwarszawa.pl\" target=\"_blank\">biuro@sppwarszawa.pl<\/a>. Sprawdzamy go bardzo cz\u0119sto.<\/p>\n\n\n\n<p>Kolejne terminy Biesiad b\u0119d\u0105 na bie\u017c\u0105co podawane na naszej stronie. <\/p>\n\n\n\n<figure class=\"wp-block-image size-large\"><img loading=\"lazy\" decoding=\"async\" width=\"960\" height=\"528\" src=\"http:\/\/biesiadaliteracka.pl\/wp-content\/uploads\/2020\/03\/ns5e68dc085d67ekoronawpwsfbx.png\" alt=\"\" class=\"wp-image-1772\" srcset=\"http:\/\/biesiadaliteracka.pl\/wp-content\/uploads\/2020\/03\/ns5e68dc085d67ekoronawpwsfbx.png 960w, http:\/\/biesiadaliteracka.pl\/wp-content\/uploads\/2020\/03\/ns5e68dc085d67ekoronawpwsfbx-300x165.png 300w, http:\/\/biesiadaliteracka.pl\/wp-content\/uploads\/2020\/03\/ns5e68dc085d67ekoronawpwsfbx-768x422.png 768w, http:\/\/biesiadaliteracka.pl\/wp-content\/uploads\/2020\/03\/ns5e68dc085d67ekoronawpwsfbx-594x327.png 594w\" sizes=\"auto, (max-width: 960px) 100vw, 960px\" \/><\/figure>\n\n\n\n<p>Jednocze\u015bnie wszystkim, kt\u00f3rzy siedz\u0105 w domu przypominamy, \u017ce mo\u017cna bezp\u0142atnie czyta\u0107 nasz Kwartalnik Literacki PODGL\u0104D. Wszystkie numery s\u0105 do pobrania z naszej strony za darmo w formacie PDF.<\/p>\n\n\n\n<p>W imieniu Zarz\u0105du Oddzia\u0142u<br>Ma\u0142gorzata Karolina Piekarska<br>prezes OW SPP<\/p>\n\n\n\n<figure class=\"wp-block-embed-wordpress wp-block-embed is-type-wp-embed is-provider-podglad\"><div class=\"wp-block-embed__wrapper\">\n<blockquote class=\"wp-embedded-content\" data-secret=\"ETCLPOgnYv\"><a href=\"http:\/\/podglad.com.pl\/\">O kwartalniku<\/a><\/blockquote><iframe loading=\"lazy\" title=\"&#8222;O kwartalniku&#8221; &#8212; PODGL\u0104D\" class=\"wp-embedded-content\" sandbox=\"allow-scripts\" security=\"restricted\" style=\"position: absolute; clip: rect(1px, 1px, 1px, 1px);\" src=\"http:\/\/podglad.com.pl\/?embed=true#?secret=ETCLPOgnYv\" data-secret=\"ETCLPOgnYv\" width=\"600\" height=\"338\" frameborder=\"0\" marginwidth=\"0\" marginheight=\"0\" scrolling=\"no\"><\/iframe>\n<\/div><\/figure>\n","protected":false},"excerpt":{"rendered":"<p>W zwi\u0105zku z decyzj\u0105 sztabu kryzysowego o zamkni\u0119ciu plac\u00f3wek edukacyjnych, a tak\u017ce instytucji kultury, Oddzia\u0142 Warszawski Stowarzyszenia Pisarzy Polskich odwo\u0142uje\u00a0WSZYSTKIE\u00a0wydarzenia zaplanowane w Domu Literatury\u00a0do\u00a0co najmniej\u00a015 maja\u00a02020. Je\u015bli nast\u0105pi jaka\u015b zmiana \u2013 zostanie to uwzgl\u0119dnione w kolejnym komunikacie. \u00a0Jednocze\u015bnie informujemy, \u017ce sekretariat OW SPP a\u017c do odwo\u0142ania, czyli co najmniej do 15 maja 2020, b\u0119dzie pracowa\u0142 <a href=\"http:\/\/biesiadaliteracka.pl\/?p=1786\" class=\"more-link\">[&hellip;]<\/a><\/p>\n","protected":false},"author":1,"featured_media":1772,"comment_status":"closed","ping_status":"closed","sticky":false,"template":"","format":"standard","meta":{"footnotes":""},"categories":[3],"tags":[],"class_list":{"0":"entry","1":"post","2":"publish","3":"author-admin","4":"post-1786","6":"format-standard","7":"has-post-thumbnail","8":"category-zaproszenie"},"_links":{"self":[{"href":"http:\/\/biesiadaliteracka.pl\/index.php?rest_route=\/wp\/v2\/posts\/1786","targetHints":{"allow":["GET"]}}],"collection":[{"href":"http:\/\/biesiadaliteracka.pl\/index.php?rest_route=\/wp\/v2\/posts"}],"about":[{"href":"http:\/\/biesiadaliteracka.pl\/index.php?rest_route=\/wp\/v2\/types\/post"}],"author":[{"embeddable":true,"href":"http:\/\/biesiadaliteracka.pl\/index.php?rest_route=\/wp\/v2\/users\/1"}],"replies":[{"embeddable":true,"href":"http:\/\/biesiadaliteracka.pl\/index.php?rest_route=%2Fwp%2Fv2%2Fcomments&post=1786"}],"version-history":[{"count":2,"href":"http:\/\/biesiadaliteracka.pl\/index.php?rest_route=\/wp\/v2\/posts\/1786\/revisions"}],"predecessor-version":[{"id":1794,"href":"http:\/\/biesiadaliteracka.pl\/index.php?rest_route=\/wp\/v2\/posts\/1786\/revisions\/1794"}],"wp:featuredmedia":[{"embeddable":true,"href":"http:\/\/biesiadaliteracka.pl\/index.php?rest_route=\/wp\/v2\/media\/1772"}],"wp:attachment":[{"href":"http:\/\/biesiadaliteracka.pl\/index.php?rest_route=%2Fwp%2Fv2%2Fmedia&parent=1786"}],"wp:term":[{"taxonomy":"category","embeddable":true,"href":"http:\/\/biesiadaliteracka.pl\/index.php?rest_route=%2Fwp%2Fv2%2Fcategories&post=1786"},{"taxonomy":"post_tag","embeddable":true,"href":"http:\/\/biesiadaliteracka.pl\/index.php?rest_route=%2Fwp%2Fv2%2Ftags&post=1786"}],"curies":[{"name":"wp","href":"https:\/\/api.w.org\/{rel}","templated":true}]}}