{"id":1820,"date":"2021-10-22T09:47:22","date_gmt":"2021-10-22T09:47:22","guid":{"rendered":"http:\/\/biesiadaliteracka.pl\/?p=1820"},"modified":"2021-10-23T07:10:06","modified_gmt":"2021-10-23T07:10:06","slug":"2-pazdziernikowa-biesiada-literacka","status":"publish","type":"post","link":"http:\/\/biesiadaliteracka.pl\/?p=1820","title":{"rendered":"2. Pa\u017adziernikowa Biesiada Literacka"},"content":{"rendered":"\n<p class=\"has-text-align-center\">Stowarzyszenie Pisarzy Polskich <\/p>\n\n\n\n<p class=\"has-text-align-center\">zaprasza na kolejn\u0105<\/p>\n\n\n\n<p class=\"has-text-align-center\"><strong>BIESIAD\u0118 LITERACK\u0104<\/strong><\/p>\n\n\n\n<p class=\"has-text-align-center\">Go\u015b\u0107mi b\u0119d\u0105:<strong> <\/strong><strong><\/strong><\/p>\n\n\n\n<p class=\"has-text-align-center\"><strong>dr Anna Czernow<\/strong><\/p>\n\n\n\n<p class=\"has-text-align-center\">prezes polskiej Sekcji IBBY,<\/p>\n\n\n\n<p class=\"has-text-align-center\">z kt\u00f3r\u0105 o kondycji literatury dzieci\u0119co-m\u0142odzie\u017cowej<\/p>\n\n\n\n<p class=\"has-text-align-center\">porozmawia<\/p>\n\n\n\n<p class=\"has-text-align-center\">Ma\u0142gorzata Karolina Piekarska<strong><\/strong><\/p>\n\n\n\n<p class=\"has-text-align-center\"><strong>Piotr Wojciechowski<\/strong><\/p>\n\n\n\n<p class=\"has-text-align-center\">z kt\u00f3rym o jego najnowszej ksi\u0105\u017cce poetyckiej<\/p>\n\n\n\n<p class=\"has-text-align-center\">\u201eChleb z deszczem\u201d b\u0119dzie rozmawia\u0142<\/p>\n\n\n\n<p class=\"has-text-align-center\">Piotr M\u00fcldner-Nieckowski<\/p>\n\n\n\n<p class=\"has-text-align-center\"><strong>Marcin Pilis<\/strong><\/p>\n\n\n\n<p class=\"has-text-align-center\">z kt\u00f3rym o jego powie\u015bci \u201eCisza w Pogrance\u201d<\/p>\n\n\n\n<p class=\"has-text-align-center\">porozmawia Wac\u0142aw Holewi\u0144ski.<\/p>\n\n\n\n<p class=\"has-text-align-center\">&nbsp;W programie tak\u017ce:<\/p>\n\n\n\n<p class=\"has-text-align-center\">&#8211; felieton Piotra Wojciechowskiego<\/p>\n\n\n\n<p class=\"has-text-align-center\">&#8211; rekomendacje i miniatury.&nbsp;<\/p>\n\n\n\n<p class=\"has-text-align-center\">&nbsp;&nbsp;&nbsp;<strong>26 pa\u017adziernika 2021 r. (wtorek) o godz. 18.30<\/strong><\/p>\n\n\n\n<p class=\"has-text-align-center\">Dom Literatury w Warszawie<\/p>\n\n\n\n<p class=\"has-text-align-center\">ul. Krakowskie Przedmie\u015bcie 87\/89<\/p>\n","protected":false},"excerpt":{"rendered":"<p>Stowarzyszenie Pisarzy Polskich zaprasza na kolejn\u0105 BIESIAD\u0118 LITERACK\u0104 Go\u015b\u0107mi b\u0119d\u0105: dr Anna Czernow prezes polskiej Sekcji IBBY, z kt\u00f3r\u0105 o kondycji literatury dzieci\u0119co-m\u0142odzie\u017cowej porozmawia Ma\u0142gorzata Karolina Piekarska Piotr Wojciechowski z kt\u00f3rym o jego najnowszej ksi\u0105\u017cce poetyckiej \u201eChleb z deszczem\u201d b\u0119dzie rozmawia\u0142 Piotr M\u00fcldner-Nieckowski Marcin Pilis z kt\u00f3rym o jego powie\u015bci \u201eCisza w Pogrance\u201d porozmawia Wac\u0142aw <a href=\"http:\/\/biesiadaliteracka.pl\/?p=1820\" class=\"more-link\">[&hellip;]<\/a><\/p>\n","protected":false},"author":1,"featured_media":1821,"comment_status":"closed","ping_status":"closed","sticky":false,"template":"","format":"standard","meta":{"footnotes":""},"categories":[3],"tags":[138,139,38,17,24,30],"class_list":{"0":"entry","1":"post","2":"publish","3":"author-admin","4":"post-1820","6":"format-standard","7":"has-post-thumbnail","8":"category-zaproszenie","9":"post_tag-anna-czernow","10":"post_tag-marcin-pilis","11":"post_tag-malgorzata-karolina-piekarska","12":"post_tag-piotr-muldner-nieckowski","13":"post_tag-piotr-wojciechowski","14":"post_tag-waclaw-holewinski"},"_links":{"self":[{"href":"http:\/\/biesiadaliteracka.pl\/index.php?rest_route=\/wp\/v2\/posts\/1820","targetHints":{"allow":["GET"]}}],"collection":[{"href":"http:\/\/biesiadaliteracka.pl\/index.php?rest_route=\/wp\/v2\/posts"}],"about":[{"href":"http:\/\/biesiadaliteracka.pl\/index.php?rest_route=\/wp\/v2\/types\/post"}],"author":[{"embeddable":true,"href":"http:\/\/biesiadaliteracka.pl\/index.php?rest_route=\/wp\/v2\/users\/1"}],"replies":[{"embeddable":true,"href":"http:\/\/biesiadaliteracka.pl\/index.php?rest_route=%2Fwp%2Fv2%2Fcomments&post=1820"}],"version-history":[{"count":4,"href":"http:\/\/biesiadaliteracka.pl\/index.php?rest_route=\/wp\/v2\/posts\/1820\/revisions"}],"predecessor-version":[{"id":1825,"href":"http:\/\/biesiadaliteracka.pl\/index.php?rest_route=\/wp\/v2\/posts\/1820\/revisions\/1825"}],"wp:featuredmedia":[{"embeddable":true,"href":"http:\/\/biesiadaliteracka.pl\/index.php?rest_route=\/wp\/v2\/media\/1821"}],"wp:attachment":[{"href":"http:\/\/biesiadaliteracka.pl\/index.php?rest_route=%2Fwp%2Fv2%2Fmedia&parent=1820"}],"wp:term":[{"taxonomy":"category","embeddable":true,"href":"http:\/\/biesiadaliteracka.pl\/index.php?rest_route=%2Fwp%2Fv2%2Fcategories&post=1820"},{"taxonomy":"post_tag","embeddable":true,"href":"http:\/\/biesiadaliteracka.pl\/index.php?rest_route=%2Fwp%2Fv2%2Ftags&post=1820"}],"curies":[{"name":"wp","href":"https:\/\/api.w.org\/{rel}","templated":true}]}}