{"id":229,"date":"2016-04-14T11:41:44","date_gmt":"2016-04-14T11:41:44","guid":{"rendered":"http:\/\/biesiadaliteracka.pl\/?p=229"},"modified":"2019-09-14T10:27:27","modified_gmt":"2019-09-14T10:27:27","slug":"kwietniowa-biesiada","status":"publish","type":"post","link":"http:\/\/biesiadaliteracka.pl\/?p=229","title":{"rendered":"Kwietniowa biesiada Literacka 2016"},"content":{"rendered":"<p align=\"center\"><a href=\"http:\/\/biesiadaliteracka.pl\/wp-content\/uploads\/2015\/12\/DSC_0292.jpg\"><img loading=\"lazy\" decoding=\"async\" class=\"alignleft wp-image-184 size-medium\" src=\"http:\/\/biesiadaliteracka.pl\/wp-content\/uploads\/2015\/12\/DSC_0292-300x199.jpg\" alt=\"DSC_0292\" width=\"300\" height=\"199\" srcset=\"http:\/\/biesiadaliteracka.pl\/wp-content\/uploads\/2015\/12\/DSC_0292-300x199.jpg 300w, http:\/\/biesiadaliteracka.pl\/wp-content\/uploads\/2015\/12\/DSC_0292-768x511.jpg 768w, http:\/\/biesiadaliteracka.pl\/wp-content\/uploads\/2015\/12\/DSC_0292-1024x681.jpg 1024w, http:\/\/biesiadaliteracka.pl\/wp-content\/uploads\/2015\/12\/DSC_0292-594x395.jpg 594w\" sizes=\"auto, (max-width: 300px) 100vw, 300px\" \/><\/a>***<br \/>\n&#8212;&#8212;&#8212;-<br \/>\n***<\/p>\n<p align=\"center\">ODDZIA\u0141 WARSZAWSKI<br \/>\nSTOWARZYSZENIA PISARZY POLSKICH<\/p>\n<p align=\"center\">zaprasza na kolejn\u0105<\/p>\n<p align=\"center\"><strong>BIESIAD\u0118 LITERACK\u0104<\/strong><\/p>\n<p align=\"center\">Go\u015b\u0107mi b\u0119d\u0105:<\/p>\n<p align=\"center\"><strong>Wojciech Wi\u015bniewski<\/strong><\/p>\n<p align=\"center\">z kt\u00f3rym o jego ksi\u0105\u017cce<\/p>\n<p align=\"center\">\u201eDlaczego upad\u0142 socjalizm. Od straszno\u015bci do \u015bmieszno\u015bci\u201d b\u0119dzie rozmawia\u0142 <a href=\"http:\/\/sppwarszawa.pl\/czlonkowie\/waclaw-holewinski\/\">Wac\u0142aw Holewi\u0144ski<\/a><\/p>\n<p align=\"center\"><em>\u00a0<\/em><\/p>\n<p align=\"center\"><strong>Marcin Borkowski<\/strong><\/p>\n<p align=\"center\">w rozmowie z <a href=\"http:\/\/sppwarszawa.pl\/czlonkowie\/malgorzata-karolina-piekarska\/\">Ma\u0142gorzat\u0105 Karolin\u0105 Piekarsk\u0105<\/a><\/p>\n<p align=\"center\">o jego ksi\u0105\u017cce &#8222;Odwlekane porz\u0105dki&#8221;<\/p>\n<p align=\"center\"><strong>\u00a0<\/strong><\/p>\n<p align=\"center\"><a href=\"http:\/\/sppwarszawa.pl\/czlonkowie\/krzysztof-dybciak\/\"><strong>Krzysztof Dybciak<\/strong><\/a><\/p>\n<p align=\"center\">\u00a0o jego krytyce i pogl\u0105dach na krytyk\u0119 b\u0119dzie rozmawia\u0142<\/p>\n<p align=\"center\"><a href=\"http:\/\/sppwarszawa.pl\/czlonkowie\/piotr-muldner-nieckowski\/\">Piotr M\u00fcldner-Nieckowski<\/a>.<\/p>\n<p align=\"center\"><strong>\u00a0<\/strong><strong>\u00a0<\/strong><\/p>\n<p align=\"center\">\u00a0W programie tak\u017ce:<\/p>\n<p align=\"center\">&#8211; felieton <a href=\"http:\/\/sppwarszawa.pl\/czlonkowie\/piotr-wojciechowski\/\">Piotra Wojciechowskiego<\/a><\/p>\n<p align=\"center\">&#8211; rekomendacje i miniatury.<\/p>\n<p align=\"center\"><strong>21 kwietnia 2016 r. (czwartek) o godz.<\/strong><strong> 18.30<\/strong><\/p>\n<p align=\"center\">Dom Literatury w Warszawie<\/p>\n<p align=\"center\">ul. Krakowskie Przedmie\u015bcie 87\/89<\/p>\n<p align=\"center\">***<br \/>\n&#8212;&#8212;&#8212;-<br \/>\n***<\/p>\n","protected":false},"excerpt":{"rendered":"<p>*** &#8212;&#8212;&#8212;- *** ODDZIA\u0141 WARSZAWSKI STOWARZYSZENIA PISARZY POLSKICH zaprasza na kolejn\u0105 BIESIAD\u0118 LITERACK\u0104 Go\u015b\u0107mi b\u0119d\u0105: Wojciech Wi\u015bniewski z kt\u00f3rym o jego ksi\u0105\u017cce \u201eDlaczego upad\u0142 socjalizm. Od straszno\u015bci do \u015bmieszno\u015bci\u201d b\u0119dzie rozmawia\u0142 Wac\u0142aw Holewi\u0144ski \u00a0 Marcin Borkowski w rozmowie z Ma\u0142gorzat\u0105 Karolin\u0105 Piekarsk\u0105 o jego ksi\u0105\u017cce &#8222;Odwlekane porz\u0105dki&#8221; \u00a0 Krzysztof Dybciak \u00a0o jego krytyce i pogl\u0105dach <a href=\"http:\/\/biesiadaliteracka.pl\/?p=229\" class=\"more-link\">[&hellip;]<\/a><\/p>\n","protected":false},"author":1,"featured_media":184,"comment_status":"closed","ping_status":"closed","sticky":false,"template":"","format":"standard","meta":{"footnotes":""},"categories":[3],"tags":[39,40,38,17,24,30,37],"class_list":{"0":"entry","1":"post","2":"publish","3":"author-admin","4":"post-229","6":"format-standard","7":"has-post-thumbnail","8":"category-zaproszenie","9":"post_tag-krzysztof-dybciak","10":"post_tag-marcin-borkowski","11":"post_tag-malgorzata-karolina-piekarska","12":"post_tag-piotr-muldner-nieckowski","13":"post_tag-piotr-wojciechowski","14":"post_tag-waclaw-holewinski","15":"post_tag-wojciech-wisniewski"},"_links":{"self":[{"href":"http:\/\/biesiadaliteracka.pl\/index.php?rest_route=\/wp\/v2\/posts\/229","targetHints":{"allow":["GET"]}}],"collection":[{"href":"http:\/\/biesiadaliteracka.pl\/index.php?rest_route=\/wp\/v2\/posts"}],"about":[{"href":"http:\/\/biesiadaliteracka.pl\/index.php?rest_route=\/wp\/v2\/types\/post"}],"author":[{"embeddable":true,"href":"http:\/\/biesiadaliteracka.pl\/index.php?rest_route=\/wp\/v2\/users\/1"}],"replies":[{"embeddable":true,"href":"http:\/\/biesiadaliteracka.pl\/index.php?rest_route=%2Fwp%2Fv2%2Fcomments&post=229"}],"version-history":[{"count":4,"href":"http:\/\/biesiadaliteracka.pl\/index.php?rest_route=\/wp\/v2\/posts\/229\/revisions"}],"predecessor-version":[{"id":1584,"href":"http:\/\/biesiadaliteracka.pl\/index.php?rest_route=\/wp\/v2\/posts\/229\/revisions\/1584"}],"wp:featuredmedia":[{"embeddable":true,"href":"http:\/\/biesiadaliteracka.pl\/index.php?rest_route=\/wp\/v2\/media\/184"}],"wp:attachment":[{"href":"http:\/\/biesiadaliteracka.pl\/index.php?rest_route=%2Fwp%2Fv2%2Fmedia&parent=229"}],"wp:term":[{"taxonomy":"category","embeddable":true,"href":"http:\/\/biesiadaliteracka.pl\/index.php?rest_route=%2Fwp%2Fv2%2Fcategories&post=229"},{"taxonomy":"post_tag","embeddable":true,"href":"http:\/\/biesiadaliteracka.pl\/index.php?rest_route=%2Fwp%2Fv2%2Ftags&post=229"}],"curies":[{"name":"wp","href":"https:\/\/api.w.org\/{rel}","templated":true}]}}